{"id":24631,"date":"2025-09-12T01:41:56","date_gmt":"2025-09-11T23:41:56","guid":{"rendered":"https:\/\/humanwirtschaftspartei.de\/?p=24631"},"modified":"2025-09-12T05:29:36","modified_gmt":"2025-09-12T03:29:36","slug":"demos-und-kundgebungen-fuer-den-frieden","status":"publish","type":"post","link":"https:\/\/humanwirtschaftspartei.de\/?p=24631","title":{"rendered":"Demos und Kundgebungen f\u00fcr den Frieden"},"content":{"rendered":"\n<p>in den kommenden Wochen sind auch in verschiedenen Bundesl&auml;ndern gr&ouml;&szlig;ere Friedensdemos geplant. Hier ein &Uuml;berblick &uuml;ber einige zentrale Termine (in anderen Bundesl&auml;ndern stattfindene Aktionen ver&ouml;ffentlichen wir jeweils regional):<\/p>\n\n\n\n<figure class=\"wp-block-table\"><table class=\"has-fixed-layout\"><thead><tr><th>Datum<\/th><th>Ort<\/th><th>Bundesland<\/th><th>Thema \/ Anlass<\/th><th>Veranstalter \/ Hinweise<\/th><\/tr><\/thead><tbody><tr><td><strong>Mi, 17. September 2025<\/strong><\/td><td>Grafenw&ouml;hr<\/td><td>Bayern<\/td><td>Kundgebung &bdquo;Keine Raketen nach Grafenw&ouml;hr&ldquo;<\/td><td>M&uuml;nchner Friedensb&uuml;ndnis u. a.<\/td><\/tr><tr><td><strong>Fr, 26. September 2025<\/strong><\/td><td>Karlsruhe<\/td><td>Baden-W&uuml;rttemberg<\/td><td>Mahnwache f&uuml;r Frieden und Menschenrechte<\/td><td>Friedensb&uuml;ndnis Karlsruhe<\/td><\/tr><tr><td><strong>Fr, 26. September 2025<\/strong><\/td><td>Stuttgart<\/td><td>Baden-W&uuml;rttemberg<\/td><td>Mahnwache \/ Kundgebung im Rahmen bundesweiter Aktionen<\/td><td>Lokale Friedensinitiativen<\/td><\/tr><tr><td><strong>Sa, 27. September 2025<\/strong><\/td><td>M&uuml;nchen<\/td><td>Bayern<\/td><td>Kundgebung f&uuml;r Abr&uuml;stung und Frieden<\/td><td>M&uuml;nchner Friedensb&uuml;ndnis<\/td><\/tr><tr><td><strong>Fr, 3. Oktober 2025<\/strong><\/td><td>Berlin &amp; Stuttgart<\/td><td>Berlin \/ Baden-W&uuml;rttemberg<\/td><td><strong>Bundesweite Gro&szlig;demonstration &bdquo;Nie wieder Krieg &ndash; die Waffen nieder!&ldquo;<\/strong><\/td><td>Initiative &bdquo;Nie wieder Krieg&ldquo;<\/td><\/tr><\/tbody><\/table><\/figure>\n\n\n\n<p><strong>Hinweis:<\/strong> Die Demo am <strong>3. Oktober<\/strong> in Berlin und Stuttgart ist als bundesweiter Schwerpunkt geplant &ndash; es werden Busanreisen aus vielen St&auml;dten organisiert, und zahlreiche Friedensgruppen unterst&uuml;tzen den Aufruf u.a. der St&uuml;tzpunkt Sachsen der HUMANwirtschaft.<\/p>\n<div class=\"pld-like-dislike-wrap pld-template-1\">\r\n    <div class=\"pld-like-wrap  pld-common-wrap\">\r\n    <a href=\"javascript:void(0)\" class=\"pld-like-trigger pld-like-dislike-trigger  \" title=\"\" data-post-id=\"24631\" data-trigger-type=\"like\" data-restriction=\"cookie\" data-already-liked=\"0\">\r\n                        <i class=\"fas fa-thumbs-up\"><\/i>\r\n                <\/a>\r\n    <span class=\"pld-like-count-wrap pld-count-wrap\">    <\/span>\r\n<\/div><div class=\"pld-dislike-wrap  pld-common-wrap\">\r\n    <a href=\"javascript:void(0)\" class=\"pld-dislike-trigger pld-like-dislike-trigger  \" title=\"\" data-post-id=\"24631\" data-trigger-type=\"dislike\" data-restriction=\"cookie\" data-already-liked=\"0\">\r\n                        <i class=\"fas fa-thumbs-down\"><\/i>\r\n                <\/a>\r\n    <span class=\"pld-dislike-count-wrap pld-count-wrap\"><\/span>\r\n<\/div><\/div>","protected":false},"excerpt":{"rendered":"<p>in den kommenden Wochen sind auch in verschiedenen Bundesl\u00e4ndern gr\u00f6\u00dfere Friedensdemos geplant. Hier ein \u00dcberblick \u00fcber einige zentrale Termine (in anderen Bundesl\u00e4ndern stattfindene Aktionen ver\u00f6ffentlichen &hellip; <\/p>\n","protected":false},"author":238,"featured_media":0,"comment_status":"open","ping_status":"open","sticky":false,"template":"","format":"standard","meta":{"_coblocks_attr":"","_coblocks_dimensions":"","_coblocks_responsive_height":"","_coblocks_accordion_ie_support":"","_uag_custom_page_level_css":"","advgb_blocks_editor_width":"","advgb_blocks_columns_visual_guide":"","footnotes":""},"categories":[39,75,68],"tags":[],"class_list":["post-24631","post","type-post","status-publish","format-standard","hentry","category-bundespartei-aktuell","category-friedenspolitik","category-humanwirtschaft"],"author_meta":{"display_name":"Web Master","author_link":"https:\/\/humanwirtschaftspartei.de\/?author=238"},"featured_img":null,"uagb_featured_image_src":{"full":false,"thumbnail":false,"medium":false,"medium_large":false,"large":false,"tf-client-image-size":false,"1536x1536":false,"2048x2048":false,"bam-large":false,"bam-featured":false,"bam-list":false,"bam-thumb":false,"bam-small":false,"mailpoet_newsletter_max":false,"audioigniter_cover":false,"tptn_thumbnail":false},"uagb_author_info":{"display_name":"Web Master","author_link":"https:\/\/humanwirtschaftspartei.de\/?author=238"},"uagb_comment_info":0,"uagb_excerpt":"in den kommenden Wochen sind auch in verschiedenen Bundesl\u00e4ndern gr\u00f6\u00dfere Friedensdemos geplant. Hier ein \u00dcberblick \u00fcber einige zentrale Termine (in anderen Bundesl\u00e4ndern stattfindene Aktionen ver\u00f6ffentlichen &hellip;","coauthors":[],"tax_additional":{"categories":{"linked":["<a href=\"https:\/\/humanwirtschaftspartei.de\/?cat=39\" class=\"advgb-post-tax-term\">Bundespartei<\/a>","<a href=\"https:\/\/humanwirtschaftspartei.de\/?cat=75\" class=\"advgb-post-tax-term\">Friedenspolitik<\/a>","<a href=\"https:\/\/humanwirtschaftspartei.de\/?cat=68\" class=\"advgb-post-tax-term\">HUMANwirtschaft<\/a>"],"unlinked":["<span class=\"advgb-post-tax-term\">Bundespartei<\/span>","<span class=\"advgb-post-tax-term\">Friedenspolitik<\/span>","<span class=\"advgb-post-tax-term\">HUMANwirtschaft<\/span>"]}},"comment_count":"0","relative_dates":{"created":"Ver\u00f6ffentlicht 8\u00a0Monaten vor","modified":"Aktualisiert 8\u00a0Monaten vor"},"absolute_dates":{"created":"Ver\u00f6ffentlicht am 12. September 2025","modified":"Aktualisiert am 12. September 2025"},"absolute_dates_time":{"created":"Ver\u00f6ffentlicht am 12. September 2025 1:41","modified":"Aktualisiert am 12. September 2025 5:29"},"featured_img_caption":"","series_order":"","_links":{"self":[{"href":"https:\/\/humanwirtschaftspartei.de\/index.php?rest_route=\/wp\/v2\/posts\/24631","targetHints":{"allow":["GET"]}}],"collection":[{"href":"https:\/\/humanwirtschaftspartei.de\/index.php?rest_route=\/wp\/v2\/posts"}],"about":[{"href":"https:\/\/humanwirtschaftspartei.de\/index.php?rest_route=\/wp\/v2\/types\/post"}],"author":[{"embeddable":true,"href":"https:\/\/humanwirtschaftspartei.de\/index.php?rest_route=\/wp\/v2\/users\/238"}],"replies":[{"embeddable":true,"href":"https:\/\/humanwirtschaftspartei.de\/index.php?rest_route=%2Fwp%2Fv2%2Fcomments&post=24631"}],"version-history":[{"count":3,"href":"https:\/\/humanwirtschaftspartei.de\/index.php?rest_route=\/wp\/v2\/posts\/24631\/revisions"}],"predecessor-version":[{"id":24636,"href":"https:\/\/humanwirtschaftspartei.de\/index.php?rest_route=\/wp\/v2\/posts\/24631\/revisions\/24636"}],"wp:attachment":[{"href":"https:\/\/humanwirtschaftspartei.de\/index.php?rest_route=%2Fwp%2Fv2%2Fmedia&parent=24631"}],"wp:term":[{"taxonomy":"category","embeddable":true,"href":"https:\/\/humanwirtschaftspartei.de\/index.php?rest_route=%2Fwp%2Fv2%2Fcategories&post=24631"},{"taxonomy":"post_tag","embeddable":true,"href":"https:\/\/humanwirtschaftspartei.de\/index.php?rest_route=%2Fwp%2Fv2%2Ftags&post=24631"}],"curies":[{"name":"wp","href":"https:\/\/api.w.org\/{rel}","templated":true}]}}