{"id":24848,"date":"2026-01-30T11:14:05","date_gmt":"2026-01-30T09:14:05","guid":{"rendered":"https:\/\/humanwirtschaftspartei.de\/?p=24848"},"modified":"2026-01-30T11:16:14","modified_gmt":"2026-01-30T09:16:14","slug":"24848","status":"publish","type":"post","link":"https:\/\/humanwirtschaftspartei.de\/?p=24848","title":{"rendered":"Silvio Gesell zumThema FRIEDEN"},"content":{"rendered":"\n<p>Silvio Gesell verkn&uuml;pfte Frieden untrennbar mit einer gerechten Wirtschaftsordnung. F&uuml;r ihn war dauerhafter V&ouml;lkerfrieden nur m&ouml;glich, wenn auch innerhalb der Staaten sozialer Ausgleich, gerechte Bodenordnung und ein von Zinsprivilegien befreites Geldsystem herrschen.<\/p>\n\n\n\n<hr class=\"wp-block-separator has-alpha-channel-opacity\">\n\n\n\n<h2 class=\"wp-block-heading\">Silvio Gesell und der Frieden &ndash; die zentralen Gedanken<\/h2>\n\n\n\n<h3 class=\"wp-block-heading\">1. Frieden beginnt im Inneren eines Staates<\/h3>\n\n\n\n<p>Gesell argumentierte, dass&nbsp;<strong>B&uuml;rgerfrieden und V&ouml;lkerfrieden denselben Ursprung<\/strong>&nbsp;haben: soziale Gerechtigkeit.<\/p>\n\n\n\n<ul class=\"wp-block-list\">\n<li>Wo&nbsp;<strong>Klassenkampf<\/strong>, extreme Verm&ouml;gensunterschiede und Ausbeutung bestehen, k&ouml;nne kein stabiler Frieden entstehen.<\/li>\n\n\n\n<li>Staaten, die &bdquo;innerlich gesund&ldquo; sind, w&uuml;rden&nbsp;<strong>nicht gegeneinander Krieg f&uuml;hren<\/strong>.<\/li>\n<\/ul>\n\n\n\n<h3 class=\"wp-block-heading\">2. Wirtschaftliche Ungleichheit als Friedenshindernis<\/h3>\n\n\n\n<p>Gesell sah in&nbsp;<strong>Reichtum und Armut<\/strong>&nbsp;zwei &bdquo;verkehrte Zust&auml;nde&ldquo;, die mit B&uuml;rger- und V&ouml;lkerfrieden unvereinbar seien.<\/p>\n\n\n\n<ul class=\"wp-block-list\">\n<li>Ungerechte Verm&ouml;gensverteilung f&uuml;hre zu sozialen Spannungen, die sich auch international auswirken.<\/li>\n<\/ul>\n\n\n\n<h3 class=\"wp-block-heading\">3. Freiland und Freigeld als Grundlagen des Friedens<\/h3>\n\n\n\n<p>In seinem Vortrag&nbsp;<em>&bdquo;Freiland &ndash; die eherne Forderung des Friedens&ldquo;<\/em>&nbsp;(1917) betonte Gesell:<\/p>\n\n\n\n<ul class=\"wp-block-list\">\n<li><strong>Boden darf nicht zur Quelle arbeitsloser Einkommen werden<\/strong>, da dies soziale Konflikte versch&auml;rft.<\/li>\n\n\n\n<li><strong>Freigeld<\/strong>&nbsp;(umlaufgesichertes Geld) soll Machtkonzentration verhindern und wirtschaftliche Stabilit&auml;t schaffen.<\/li>\n\n\n\n<li>Nur eine solche &bdquo;nat&uuml;rliche Wirtschaftsordnung&ldquo; k&ouml;nne dauerhaften Frieden erm&ouml;glichen.<\/li>\n<\/ul>\n\n\n\n<h3 class=\"wp-block-heading\">4. V&ouml;lkerverst&auml;ndigung als Ziel seiner Reformen<\/h3>\n\n\n\n<p>Gesells Werk zielte nicht nur auf &ouml;konomische Reformen, sondern auch auf&nbsp;<strong>V&ouml;lkerverst&auml;ndigung und friedliches Zusammenleben<\/strong>.<\/p>\n\n\n\n<ul class=\"wp-block-list\">\n<li>Die&nbsp;<a href=\"http:\/\/haralds.bplaced.net\/enzyklopaedie\/humanwirtschaft\/\">HUMANwirtschaft<\/a>&nbsp;m&ouml;chte betonen, dass er weit mehr als ein Finanztheoretiker war: Er verstand seine Reformvorschl&auml;ge als&nbsp;<strong>Friedensprojekt<\/strong>.<\/li>\n<\/ul>\n\n\n\n<h2 class=\"wp-block-heading\">Kurzfazit<\/h2>\n\n\n\n<p>F&uuml;r Silvio Gesell ist Frieden kein rein politisches Projekt, sondern das Ergebnis einer&nbsp;<strong>gerechten Wirtschaftsordnung<\/strong>, die Ausbeutung verhindert, soziale Spannungen abbaut und damit die Grundlage f&uuml;r friedliche Beziehungen zwischen Menschen und Staaten schafft.<\/p>\n<div class=\"pld-like-dislike-wrap pld-template-1\">\r\n    <div class=\"pld-like-wrap  pld-common-wrap\">\r\n    <a href=\"javascript:void(0)\" class=\"pld-like-trigger pld-like-dislike-trigger  \" title=\"\" data-post-id=\"24848\" data-trigger-type=\"like\" data-restriction=\"cookie\" data-already-liked=\"0\">\r\n                        <i class=\"fas fa-thumbs-up\"><\/i>\r\n                <\/a>\r\n    <span class=\"pld-like-count-wrap pld-count-wrap\">2    <\/span>\r\n<\/div><div class=\"pld-dislike-wrap  pld-common-wrap\">\r\n    <a href=\"javascript:void(0)\" class=\"pld-dislike-trigger pld-like-dislike-trigger  \" title=\"\" data-post-id=\"24848\" data-trigger-type=\"dislike\" data-restriction=\"cookie\" data-already-liked=\"0\">\r\n                        <i class=\"fas fa-thumbs-down\"><\/i>\r\n                <\/a>\r\n    <span class=\"pld-dislike-count-wrap pld-count-wrap\"><\/span>\r\n<\/div><\/div>","protected":false},"excerpt":{"rendered":"<p>Silvio Gesell verkn\u00fcpfte Frieden untrennbar mit einer gerechten Wirtschaftsordnung. F\u00fcr ihn war dauerhafter V\u00f6lkerfrieden nur m\u00f6glich, wenn auch innerhalb der Staaten sozialer Ausgleich, gerechte Bodenordnung &hellip; <\/p>\n","protected":false},"author":238,"featured_media":0,"comment_status":"open","ping_status":"open","sticky":false,"template":"","format":"standard","meta":{"_coblocks_attr":"","_coblocks_dimensions":"","_coblocks_responsive_height":"","_coblocks_accordion_ie_support":"","_uag_custom_page_level_css":"","advgb_blocks_editor_width":"","advgb_blocks_columns_visual_guide":"","footnotes":""},"categories":[61,75,65,68,80],"tags":[],"class_list":["post-24848","post","type-post","status-publish","format-standard","hentry","category-demokratie","category-friedenspolitik","category-gesellschaft","category-humanwirtschaft","category-partei"],"author_meta":{"display_name":"Web Master","author_link":"https:\/\/humanwirtschaftspartei.de\/?author=238"},"featured_img":null,"uagb_featured_image_src":{"full":false,"thumbnail":false,"medium":false,"medium_large":false,"large":false,"tf-client-image-size":false,"1536x1536":false,"2048x2048":false,"bam-large":false,"bam-featured":false,"bam-list":false,"bam-thumb":false,"bam-small":false,"mailpoet_newsletter_max":false,"audioigniter_cover":false,"tptn_thumbnail":false},"uagb_author_info":{"display_name":"Web Master","author_link":"https:\/\/humanwirtschaftspartei.de\/?author=238"},"uagb_comment_info":0,"uagb_excerpt":"Silvio Gesell verkn\u00fcpfte Frieden untrennbar mit einer gerechten Wirtschaftsordnung. F\u00fcr ihn war dauerhafter V\u00f6lkerfrieden nur m\u00f6glich, wenn auch innerhalb der Staaten sozialer Ausgleich, gerechte Bodenordnung &hellip;","coauthors":[],"tax_additional":{"categories":{"linked":["<a href=\"https:\/\/humanwirtschaftspartei.de\/?cat=61\" class=\"advgb-post-tax-term\">Demokratie<\/a>","<a href=\"https:\/\/humanwirtschaftspartei.de\/?cat=75\" class=\"advgb-post-tax-term\">Friedenspolitik<\/a>","<a href=\"https:\/\/humanwirtschaftspartei.de\/?cat=65\" class=\"advgb-post-tax-term\">Gesellschaft<\/a>","<a href=\"https:\/\/humanwirtschaftspartei.de\/?cat=68\" class=\"advgb-post-tax-term\">HUMANwirtschaft<\/a>","<a href=\"https:\/\/humanwirtschaftspartei.de\/?cat=80\" class=\"advgb-post-tax-term\">Partei<\/a>"],"unlinked":["<span class=\"advgb-post-tax-term\">Demokratie<\/span>","<span class=\"advgb-post-tax-term\">Friedenspolitik<\/span>","<span class=\"advgb-post-tax-term\">Gesellschaft<\/span>","<span class=\"advgb-post-tax-term\">HUMANwirtschaft<\/span>","<span class=\"advgb-post-tax-term\">Partei<\/span>"]}},"comment_count":"0","relative_dates":{"created":"Ver\u00f6ffentlicht 3\u00a0Monaten vor","modified":"Aktualisiert 3\u00a0Monaten vor"},"absolute_dates":{"created":"Ver\u00f6ffentlicht am 30. Januar 2026","modified":"Aktualisiert am 30. Januar 2026"},"absolute_dates_time":{"created":"Ver\u00f6ffentlicht am 30. Januar 2026 11:14","modified":"Aktualisiert am 30. Januar 2026 11:16"},"featured_img_caption":"","series_order":"","_links":{"self":[{"href":"https:\/\/humanwirtschaftspartei.de\/index.php?rest_route=\/wp\/v2\/posts\/24848","targetHints":{"allow":["GET"]}}],"collection":[{"href":"https:\/\/humanwirtschaftspartei.de\/index.php?rest_route=\/wp\/v2\/posts"}],"about":[{"href":"https:\/\/humanwirtschaftspartei.de\/index.php?rest_route=\/wp\/v2\/types\/post"}],"author":[{"embeddable":true,"href":"https:\/\/humanwirtschaftspartei.de\/index.php?rest_route=\/wp\/v2\/users\/238"}],"replies":[{"embeddable":true,"href":"https:\/\/humanwirtschaftspartei.de\/index.php?rest_route=%2Fwp%2Fv2%2Fcomments&post=24848"}],"version-history":[{"count":2,"href":"https:\/\/humanwirtschaftspartei.de\/index.php?rest_route=\/wp\/v2\/posts\/24848\/revisions"}],"predecessor-version":[{"id":24850,"href":"https:\/\/humanwirtschaftspartei.de\/index.php?rest_route=\/wp\/v2\/posts\/24848\/revisions\/24850"}],"wp:attachment":[{"href":"https:\/\/humanwirtschaftspartei.de\/index.php?rest_route=%2Fwp%2Fv2%2Fmedia&parent=24848"}],"wp:term":[{"taxonomy":"category","embeddable":true,"href":"https:\/\/humanwirtschaftspartei.de\/index.php?rest_route=%2Fwp%2Fv2%2Fcategories&post=24848"},{"taxonomy":"post_tag","embeddable":true,"href":"https:\/\/humanwirtschaftspartei.de\/index.php?rest_route=%2Fwp%2Fv2%2Ftags&post=24848"}],"curies":[{"name":"wp","href":"https:\/\/api.w.org\/{rel}","templated":true}]}}